{"id":5302,"date":"2024-06-14T10:59:50","date_gmt":"2024-06-14T10:59:50","guid":{"rendered":"https:\/\/www.atkoykoop.com\/?p=5302"},"modified":"2024-09-04T11:39:11","modified_gmt":"2024-09-04T11:39:11","slug":"atkoy-kooperatifinden-4-milyon-liralik-yatirim","status":"publish","type":"post","link":"http:\/\/www.atkoykoop.com\/index.php\/2024\/06\/14\/atkoy-kooperatifinden-4-milyon-liralik-yatirim\/","title":{"rendered":"Atk\u00f6y Kooperatifi\u2019nden 4 milyon liral\u0131k yat\u0131r\u0131m"},"content":{"rendered":"<p>Alt\u0131eyl\u00fcl S.S. Atk\u00f6y ve \u00c7evresi Tar\u0131msal Kalk\u0131nma Kooperatifi IPARD II Program\u0131 kapsam\u0131nda TKDK arac\u0131l\u0131\u011f\u0131 ile Avrupa Birli\u011fi fonundan % 60 hibe deste\u011fiyle \u00fczerinde modern s\u00fct tanklar\u0131n\u0131n oldu\u011fu toplam 4 Milyon TL tutar\u0131nda 3 adet s\u00fct toplama arac\u0131 sat\u0131n al\u0131p kooperatif orta\u011f\u0131 \u00e7ift\u00e7ilerin hizmetine sundu.<\/p>\n<p><img loading=\"lazy\" decoding=\"async\" class=\"alignnone size-medium wp-image-5305\" src=\"http:\/\/www.atkoykoop.com\/wp-content\/uploads\/2024\/09\/faruk-ozen_araclar-1024x768-1-300x225.jpg\" alt=\"\" width=\"300\" height=\"225\" srcset=\"http:\/\/www.atkoykoop.com\/wp-content\/uploads\/2024\/09\/faruk-ozen_araclar-1024x768-1-300x225.jpg 300w, http:\/\/www.atkoykoop.com\/wp-content\/uploads\/2024\/09\/faruk-ozen_araclar-1024x768-1-768x576.jpg 768w, http:\/\/www.atkoykoop.com\/wp-content\/uploads\/2024\/09\/faruk-ozen_araclar-1024x768-1.jpg 1024w\" sizes=\"auto, (max-width: 300px) 100vw, 300px\" \/><\/p>\n<p>Yeni ara\u00e7lar\u0131n hizmete al\u0131m\u0131 t\u00f6renine; Bal\u0131kesir \u0130l Tar\u0131m ve Orman M\u00fcd\u00fcr\u00fc Erkan Alkan, TKDK \u0130l Koordinat\u00f6r\u00fc Murat Kar. Alt\u0131eyl\u00fcl \u0130l\u00e7e Tar\u0131m M\u00fcd\u00fcr\u00fc Cemal G\u00fcnayd\u0131n, ayn\u0131 zamanda Bal\u0131kesir HAYKOOP Y\u00f6netim Kurulu Ba\u015fkan\u0131 olan Atk\u00f6y Tar\u0131msal Kalk\u0131nma Kooperatifi ba\u015fkan\u0131 Faruk \u00d6zen ile kooperatif orta\u011f\u0131 \u00e7ift\u00e7iler kat\u0131ld\u0131.<\/p>\n<p><strong>2.4 M\u0130LYON L\u0130RASI H\u0130BE,<\/strong><\/p>\n<p><strong> 1.6 M\u0130LYONU \u00d6ZKAYNAK<\/strong><\/p>\n<p>Dua edilip kurban kesilen t\u00f6rende konu\u015fan Atk\u00f6y Kooperatif Ba\u015fkan\u0131 Faruk \u00d6zen, \u201cBug\u00fcn yeni ara\u00e7lar\u0131m\u0131z\u0131 hizmete ald\u0131k, \u00e7ok mutluyuz. TKDK ve IPARD program\u0131 kapsam\u0131nda Avrupa Birli\u011fi fonlar\u0131ndan y\u00fczde 60\u2019\u0131 kooperatifimize hibe olarak verildi. Toplam 3 adet s\u00fct toplama tank\u0131 3 adet ara\u00e7 . Eski ara\u00e7larda g\u00fc\u011f\u00fcm sistemi vard\u0131 onlardan vazge\u00e7ilerek tank sistemine ge\u00e7ildi. Bu ara\u00e7lar \u00e7ok daha modern. 4 milyonluk yat\u0131r\u0131m\u0131n 2.4 milyonu hibe olarak geldi 1.6 milyonu \u00f6zkaynaklar\u0131m\u0131zdan kar\u015f\u0131land\u0131. M\u00fckemmel bir yat\u0131r\u0131m oldu, 3 arac\u0131m\u0131z\u0131 da hizmete ald\u0131k. Eme\u011fi ge\u00e7enlere te\u015fekk\u00fcr ediyorum\u201d dedi.<\/p>\n<blockquote><p>KOOPERAT\u0130F ORTAKLARI YEMLER\u0130N\u0130 KEND\u0130LER\u0130 HAZIRLIYOR<\/p><\/blockquote>\n<p>Bal\u0131kesir Haykoop olarak ortak kooperatiflerin her daim destek\u00e7isi olduklar\u0131n\u0131 da ifade eden Atk\u00f6y Kooperatif ba\u015fkan\u0131 Faruk \u00d6zen, \u201cAtk\u00f6y Kooperatifimizde \u00e7ift\u00e7imizin kendi yemini kendi haz\u0131rlad\u0131\u011f\u0131 makineleri 2011 y\u0131l\u0131nda y\u00fczde 50 Bakanl\u0131k hibesiyle alm\u0131\u015ft\u0131k. M\u0131s\u0131r, arpa, bu\u011fday, \u00e7avdar gibi hububatlar\u0131 buraya getiriyorlar. Bizim elimizde re\u00e7eteler var, s\u00fct yemi veya bitki yemi diye s\u00f6yledi\u011finde di\u011fer kalan yard\u0131mc\u0131 k\u00fcspe, kepek i\u00e7erisine at\u0131lacak mineral vs. \u00fcr\u00fcnleri de kooperatiften koymak suretiyle makinalar\u0131m\u0131zda haz\u0131rlad\u0131ktan sonra \u00e7uvallay\u0131p yemlerini hayvanlar\u0131na yediriyorlar.<\/p>\n<p>Bu \u015fekilde yem maliyetleri de daha makul seviyede ger\u00e7ekle\u015fiyor. Kooperatifteki yem \u00fcretme tesislerimizde kendi hammaddesini kendisi haz\u0131rlam\u0131\u015f oluyorlar. Bal\u0131kesir Haykoop\u2019un proje deste\u011fiyle bir\u00e7ok kooperatifimize de bu makinelerden edindirdik. Bu sistem kooperatiflerimizin y\u00fczde 10\u2019unda var\u201d dedi.<\/p>\n<p><img loading=\"lazy\" decoding=\"async\" class=\"alignnone size-medium wp-image-5306\" src=\"http:\/\/www.atkoykoop.com\/wp-content\/uploads\/2024\/09\/Pnomatik-Mibzer-300x216-1.jpeg\" alt=\"\" width=\"300\" height=\"216\" \/><\/p>\n<blockquote><p>KOOPERAT\u0130FL\u0130 OLMAK \u00d6NEML\u0130 AVANTAJ, B\u00dcY\u00dcK KAZAN\u00c7..<\/p><\/blockquote>\n<p>Faruk \u00d6zen, Bakanl\u0131k hibe deste\u011fiyle temin ettikleri tar\u0131m aletlerini (Pnomatik Mibzer -m\u0131s\u0131r, nohut, fasulye, kavun, karpuz gibi tohumlar\u0131 eker. Hava emi\u015f sistemiyle tohumu ekti\u011fi i\u00e7in Haval\u0131 Mibzer ad\u0131yla bilinir. \u00c7ay\u0131r bi\u00e7me makinas\u0131 vb.) yine Tar\u0131m Bakanl\u0131\u011f\u0131ndan sa\u011flanan y\u00fczde 60 hibe ile yenilediklerini, ba\u015fka yard\u0131mc\u0131 tar\u0131m aletleri de alarak kooperatife kazand\u0131rd\u0131klar\u0131n\u0131, bunlar\u0131n her birinde Devletin deste\u011finin oldu\u011funu anlatt\u0131. \u00d6zen, \u201cBiz kooperatif oldu\u011fumuz i\u00e7in Devletimizden daha b\u00fcy\u00fck destek var. Her \u00e7ift\u00e7imizin kooperatiflerden yararlanmalar\u0131n\u0131 istiyoruz. Bu makinalar her bir \u00e7ift\u00e7ide olsa kaynak israf\u0131 olur. Bunlar \u00e7ift\u00e7imize y\u0131lda bir defa laz\u0131m oluyor. Kooperatifimizden talep ederek s\u0131rayla b\u00fct\u00fcn \u00e7ift\u00e7ilerimiz yararlanabiliyor\u201d dedi.<\/p>\n<p><img loading=\"lazy\" decoding=\"async\" class=\"alignnone size-medium wp-image-5304\" src=\"http:\/\/www.atkoykoop.com\/wp-content\/uploads\/2024\/09\/atkoy-kooperatifindeki-mini-yem-fabrikasi-1024x576-1-300x169.jpg\" alt=\"\" width=\"300\" height=\"169\" srcset=\"http:\/\/www.atkoykoop.com\/wp-content\/uploads\/2024\/09\/atkoy-kooperatifindeki-mini-yem-fabrikasi-1024x576-1-300x169.jpg 300w, http:\/\/www.atkoykoop.com\/wp-content\/uploads\/2024\/09\/atkoy-kooperatifindeki-mini-yem-fabrikasi-1024x576-1-768x432.jpg 768w, http:\/\/www.atkoykoop.com\/wp-content\/uploads\/2024\/09\/atkoy-kooperatifindeki-mini-yem-fabrikasi-1024x576-1.jpg 1024w\" sizes=\"auto, (max-width: 300px) 100vw, 300px\" \/><\/p>\n<p>DEVLETTEN TAM DESTEK<\/p>\n<p>Atk\u00f6y\u2019deki t\u00f6rende kooperatif orta\u011f\u0131 \u00e7ift\u00e7iler ba\u015fkan Faruk \u00d6zen\u2019e te\u015fekk\u00fcr etti. Hizmete al\u0131nan s\u00fct tank\u0131 ara\u00e7lar\u0131n\u0131 birlikte test eden \u0130l Tar\u0131m M\u00fcd\u00fcr\u00fc Erkan Alkan ile TKDK \u0130l Koordinat\u00f6r\u00fc Murat Kar Bal\u0131kesir\u2019de HAYKOOP orta\u011f\u0131 Atk\u00f6y ve di\u011fer b\u00fct\u00fcn kooperatiflerin her zaman takdir edilecek ba\u015far\u0131l\u0131 i\u015fler yapt\u0131\u011f\u0131n\u0131 ve yeni \u00e7al\u0131\u015fmalara imza att\u0131\u011f\u0131n\u0131 belirterek Faruk \u00d6zen\u2019i kutlad\u0131. \u0130l Tar\u0131m M\u00fcd\u00fcr\u00fc Alkan, her zaman birlik ve beraberlik i\u00e7erisinde destek olmay\u0131 s\u00fcrd\u00fcreceklerini ifade etti. T\u00f6renin ard\u0131ndan t\u00fcm davetlilere kavurmal\u0131 pilav ve ayran ikram edildi.<\/p>\n<p>&nbsp;<\/p>\n","protected":false},"excerpt":{"rendered":"<p>Alt\u0131eyl\u00fcl S.S. Atk\u00f6y ve \u00c7evresi Tar\u0131msal Kalk\u0131nma Kooperatifi IPARD II Program\u0131 kapsam\u0131nda TKDK arac\u0131l\u0131\u011f\u0131 ile Avrupa Birli\u011fi fonundan % 60 hibe deste\u011fiyle \u00fczerinde modern s\u00fct tanklar\u0131n\u0131n oldu\u011fu toplam 4 Milyon TL tutar\u0131nda 3 adet s\u00fct toplama arac\u0131 sat\u0131n al\u0131p kooperatif orta\u011f\u0131 \u00e7ift\u00e7ilerin hizmetine sundu. Yeni ara\u00e7lar\u0131n hizmete al\u0131m\u0131 t\u00f6renine; Bal\u0131kesir \u0130l Tar\u0131m ve Orman M\u00fcd\u00fcr\u00fc [&hellip;]<\/p>\n","protected":false},"author":2,"featured_media":5303,"comment_status":"closed","ping_status":"closed","sticky":false,"template":"","format":"standard","meta":{"footnotes":""},"categories":[1],"tags":[],"class_list":["post-5302","post","type-post","status-publish","format-standard","has-post-thumbnail","hentry","category-haberler"],"_links":{"self":[{"href":"http:\/\/www.atkoykoop.com\/index.php\/wp-json\/wp\/v2\/posts\/5302","targetHints":{"allow":["GET"]}}],"collection":[{"href":"http:\/\/www.atkoykoop.com\/index.php\/wp-json\/wp\/v2\/posts"}],"about":[{"href":"http:\/\/www.atkoykoop.com\/index.php\/wp-json\/wp\/v2\/types\/post"}],"author":[{"embeddable":true,"href":"http:\/\/www.atkoykoop.com\/index.php\/wp-json\/wp\/v2\/users\/2"}],"replies":[{"embeddable":true,"href":"http:\/\/www.atkoykoop.com\/index.php\/wp-json\/wp\/v2\/comments?post=5302"}],"version-history":[{"count":3,"href":"http:\/\/www.atkoykoop.com\/index.php\/wp-json\/wp\/v2\/posts\/5302\/revisions"}],"predecessor-version":[{"id":5320,"href":"http:\/\/www.atkoykoop.com\/index.php\/wp-json\/wp\/v2\/posts\/5302\/revisions\/5320"}],"wp:featuredmedia":[{"embeddable":true,"href":"http:\/\/www.atkoykoop.com\/index.php\/wp-json\/wp\/v2\/media\/5303"}],"wp:attachment":[{"href":"http:\/\/www.atkoykoop.com\/index.php\/wp-json\/wp\/v2\/media?parent=5302"}],"wp:term":[{"taxonomy":"category","embeddable":true,"href":"http:\/\/www.atkoykoop.com\/index.php\/wp-json\/wp\/v2\/categories?post=5302"},{"taxonomy":"post_tag","embeddable":true,"href":"http:\/\/www.atkoykoop.com\/index.php\/wp-json\/wp\/v2\/tags?post=5302"}],"curies":[{"name":"wp","href":"https:\/\/api.w.org\/{rel}","templated":true}]}}