{"id":5357,"date":"2024-11-26T13:23:04","date_gmt":"2024-11-26T13:23:04","guid":{"rendered":"https:\/\/www.atkoykoop.com\/?p=5357"},"modified":"2024-12-26T13:43:53","modified_gmt":"2024-12-26T13:43:53","slug":"2025-uluslararasi-kooperatifler-yili","status":"publish","type":"post","link":"http:\/\/www.atkoykoop.com\/index.php\/2024\/11\/26\/2025-uluslararasi-kooperatifler-yili\/","title":{"rendered":"2025 Uluslararas\u0131 kooperatifler y\u0131l\u0131"},"content":{"rendered":"<div class=\"col-md-11\">Birle\u015fmi\u015f Milletler (BM) Genel Kurulu 19 Haziran 2024 tarihli ve A\/78\/L.71 say\u0131l\u0131 karar\u0131 ile 2025 y\u0131l\u0131n\u0131 yine Uluslararas\u0131 Kooperatifler Y\u0131l\u0131 olarak ilan etti.<\/div>\n<p>&nbsp;<\/p>\n<p><img loading=\"lazy\" decoding=\"async\" class=\"alignnone  wp-image-5358\" src=\"http:\/\/www.atkoykoop.com\/wp-content\/uploads\/2024\/12\/958c6835-a4b3-4ad9-826e-0b31f8635a87-300x200.jpg\" alt=\"\" width=\"453\" height=\"302\" srcset=\"http:\/\/www.atkoykoop.com\/wp-content\/uploads\/2024\/12\/958c6835-a4b3-4ad9-826e-0b31f8635a87-300x200.jpg 300w, http:\/\/www.atkoykoop.com\/wp-content\/uploads\/2024\/12\/958c6835-a4b3-4ad9-826e-0b31f8635a87-1024x683.jpg 1024w, http:\/\/www.atkoykoop.com\/wp-content\/uploads\/2024\/12\/958c6835-a4b3-4ad9-826e-0b31f8635a87-768x512.jpg 768w, http:\/\/www.atkoykoop.com\/wp-content\/uploads\/2024\/12\/958c6835-a4b3-4ad9-826e-0b31f8635a87-1536x1024.jpg 1536w, http:\/\/www.atkoykoop.com\/wp-content\/uploads\/2024\/12\/958c6835-a4b3-4ad9-826e-0b31f8635a87-2048x1365.jpg 2048w\" sizes=\"auto, (max-width: 453px) 100vw, 453px\" \/><\/p>\n<p>&nbsp;<\/p>\n<div class=\"col-md-11\">\n<div>S\u00f6z konusu kararla BM, \u00fcye devletleri ve ilgili payda\u015f kurulu\u015flar\u0131n, kooperatiflerin sosyal ve ekonomik kalk\u0131nmaya muazzam katk\u0131s\u0131n\u0131 daha da te\u015fvik etmelerini sa\u011flamak i\u00e7in \u00f6nemli etkinlikler d\u00fczenleyecek. \u00dcstelik BM tarihinde ilk kez bir konuyu ikinci kez uluslararas\u0131 y\u0131l olarak tekrar g\u00fcndeme ta\u015f\u0131yacak.<\/div>\n<div>Birle\u015fmi\u015f Milletler taraf\u0131ndan,2025 Y\u0131l\u0131n\u0131n Uluslar Aras\u0131 Kooperatifler Y\u0131l\u0131 olarak ilan edilmesinin ard\u0131ndan konuyla ilgili bas\u0131n toplant\u0131s\u0131 d\u00fczenleyen Ba\u015fkan\u0131m\u0131z Faruk \u00d6zen, gelecek y\u0131l topluma kooperatif\u00e7ili\u011fi en iyi \u015fekilde anlatarak \u00f6zellikle tar\u0131msal alanda kooperatif say\u0131s\u0131n\u0131 artt\u0131rmak istediklerini ifade etti. 2025 D\u00fcnya Kooperatifler Y\u0131l\u0131 \u015fimdiden hay\u0131rl\u0131 olsun.<\/div>\n<div><\/div>\n<\/div>\n","protected":false},"excerpt":{"rendered":"<p>Birle\u015fmi\u015f Milletler (BM) Genel Kurulu 19 Haziran 2024 tarihli ve A\/78\/L.71 say\u0131l\u0131 karar\u0131 ile 2025 y\u0131l\u0131n\u0131 yine Uluslararas\u0131 Kooperatifler Y\u0131l\u0131 olarak ilan etti. &nbsp; &nbsp; S\u00f6z konusu kararla BM, \u00fcye devletleri ve ilgili payda\u015f kurulu\u015flar\u0131n, kooperatiflerin sosyal ve ekonomik kalk\u0131nmaya muazzam katk\u0131s\u0131n\u0131 daha da te\u015fvik etmelerini sa\u011flamak i\u00e7in \u00f6nemli etkinlikler d\u00fczenleyecek. \u00dcstelik BM tarihinde ilk [&hellip;]<\/p>\n","protected":false},"author":2,"featured_media":5359,"comment_status":"closed","ping_status":"closed","sticky":false,"template":"","format":"standard","meta":{"footnotes":""},"categories":[1],"tags":[],"class_list":["post-5357","post","type-post","status-publish","format-standard","has-post-thumbnail","hentry","category-haberler"],"_links":{"self":[{"href":"http:\/\/www.atkoykoop.com\/index.php\/wp-json\/wp\/v2\/posts\/5357","targetHints":{"allow":["GET"]}}],"collection":[{"href":"http:\/\/www.atkoykoop.com\/index.php\/wp-json\/wp\/v2\/posts"}],"about":[{"href":"http:\/\/www.atkoykoop.com\/index.php\/wp-json\/wp\/v2\/types\/post"}],"author":[{"embeddable":true,"href":"http:\/\/www.atkoykoop.com\/index.php\/wp-json\/wp\/v2\/users\/2"}],"replies":[{"embeddable":true,"href":"http:\/\/www.atkoykoop.com\/index.php\/wp-json\/wp\/v2\/comments?post=5357"}],"version-history":[{"count":1,"href":"http:\/\/www.atkoykoop.com\/index.php\/wp-json\/wp\/v2\/posts\/5357\/revisions"}],"predecessor-version":[{"id":5360,"href":"http:\/\/www.atkoykoop.com\/index.php\/wp-json\/wp\/v2\/posts\/5357\/revisions\/5360"}],"wp:featuredmedia":[{"embeddable":true,"href":"http:\/\/www.atkoykoop.com\/index.php\/wp-json\/wp\/v2\/media\/5359"}],"wp:attachment":[{"href":"http:\/\/www.atkoykoop.com\/index.php\/wp-json\/wp\/v2\/media?parent=5357"}],"wp:term":[{"taxonomy":"category","embeddable":true,"href":"http:\/\/www.atkoykoop.com\/index.php\/wp-json\/wp\/v2\/categories?post=5357"},{"taxonomy":"post_tag","embeddable":true,"href":"http:\/\/www.atkoykoop.com\/index.php\/wp-json\/wp\/v2\/tags?post=5357"}],"curies":[{"name":"wp","href":"https:\/\/api.w.org\/{rel}","templated":true}]}}